{"id":12087,"date":"2018-07-03T06:41:43","date_gmt":"2018-07-03T06:41:43","guid":{"rendered":"https:\/\/promz.be\/?p=12087"},"modified":"2018-07-04T15:17:24","modified_gmt":"2018-07-04T15:17:24","slug":"les-promotions-la-semaine-25","status":"publish","type":"post","link":"https:\/\/promz.be\/fr\/les-promotions-la-semaine-25\/","title":{"rendered":"Les promotions de la semaine 25"},"content":{"rendered":"<p>pour la semaine du 25 au 30 juin, PromZ.be a d\u00e9nich\u00e9 les offres suivantes dans le secteur des product media :<\/p>\n<h2>dans le d\u00e9pliant de Delhaize<\/h2>\n<p>&#8211; un drapeau Belge \u00e0 l\u2019achat de 2 emballages de M&amp;M\u2019s ou Mars<br \/>\n&#8211; stickers \u2018Football Superstar\u2019 dans l\u2019emballage de c\u00e9r\u00e9ales petit d\u00e9jeuner Kellogg\u2019s<\/p>\n<h2>dans le d\u00e9pliant d\u2019Intermarch\u00e9<\/h2>\n<p>&#8211; ballon de foot \u00e0 l\u2019achat de 2 packs ou bacs Belgium\/Jupiler<br \/>\n&#8211; glaci\u00e8re \u00e0 l\u2019achat d\u2019un colis barbecue de 4 kg<br \/>\n&#8211; cabas \u00e0 l\u2019achat de fruits de saison<\/p>\n<h2>dans le d\u00e9pliant d\u2019Alvo<\/h2>\n<p>&#8211; une action-\u00e9pargne pour verres Royal Boch<\/p>\n<h2>dans le d\u00e9pliant de Cora<\/h2>\n<p>&#8211; sifflet d\u2019arbitre \u00e0 l\u2019achat du dentifrice Sensodyne<\/p>\n<h2>dans le d\u00e9pliant de Kruidvat<\/h2>\n<p>&#8211; sac d\u2019\u00e9t\u00e9 \u00e0 l\u2019achat de 2 produits capillaires Elseve<br \/>\n&#8211; sac de plage \u00e0 l\u2019achat de produits pour rasage Venus<br \/>\n&#8211; trousse de toilette ou sac de sport Vincent Kompany \u00e0 l\u2019achat d\u2019un paquet avantage de lames de rasoir Gillette<br \/>\n&#8211; serviette de bain personnalis\u00e9e \u00e0 l\u2019achat de 2 paquets de \u2018DryNites\u2019<br \/>\n&#8211; bandeau pour cheveux et refroidisseur de cannettes \u00e0 l\u2019achat de 2 produits Henkel<br \/>\n&#8211; prot\u00e8ge-passeport \u00e0 l\u2019achat de 1 produit L\u2019Or\u00e9al Sublime Sun<br \/>\n&#8211; mini-ensemble de plage \u00e0 l\u2019achat de 2 produits Garnier Ambre Solaire<br \/>\n&#8211; drap de plage \u00e0 l\u2019achat de 2 produits Byron Bay<\/p>\n","protected":false},"excerpt":{"rendered":"<p>pour la semaine du 25 au 30 juin, PromZ.be a d\u00e9nich\u00e9 les offres suivantes dans le secteur des product media : dans le d\u00e9pliant de Delhaize &#8211; un drapeau Belge \u00e0 l\u2019achat de 2 emballages de M&amp;M\u2019s ou Mars &#8211; stickers \u2018Football Superstar\u2019 dans l\u2019emballage de c\u00e9r\u00e9ales petit d\u00e9jeuner Kellogg\u2019s dans le d\u00e9pliant d\u2019Intermarch\u00e9 &#8211; ballon de foot \u00e0 l\u2019achat de 2 packs ou bacs Belgium\/Jupiler &#8211; glaci\u00e8re \u00e0 l\u2019achat d\u2019un colis barbecue de 4 [&#8230;]<\/p>\n<p><a class=\"btn btn-secondary understrap-read-more-link\" href=\"https:\/\/promz.be\/fr\/les-promotions-la-semaine-25\/\">Lire la suite&#8230;<\/a><\/p>\n","protected":false},"author":9,"featured_media":12085,"comment_status":"open","ping_status":"open","sticky":false,"template":"","format":"standard","meta":[],"categories":[3725],"tags":[],"_links":{"self":[{"href":"https:\/\/promz.be\/fr\/wp-json\/wp\/v2\/posts\/12087"}],"collection":[{"href":"https:\/\/promz.be\/fr\/wp-json\/wp\/v2\/posts"}],"about":[{"href":"https:\/\/promz.be\/fr\/wp-json\/wp\/v2\/types\/post"}],"author":[{"embeddable":true,"href":"https:\/\/promz.be\/fr\/wp-json\/wp\/v2\/users\/9"}],"replies":[{"embeddable":true,"href":"https:\/\/promz.be\/fr\/wp-json\/wp\/v2\/comments?post=12087"}],"version-history":[{"count":1,"href":"https:\/\/promz.be\/fr\/wp-json\/wp\/v2\/posts\/12087\/revisions"}],"predecessor-version":[{"id":12088,"href":"https:\/\/promz.be\/fr\/wp-json\/wp\/v2\/posts\/12087\/revisions\/12088"}],"wp:featuredmedia":[{"embeddable":true,"href":"https:\/\/promz.be\/fr\/wp-json\/wp\/v2\/media\/12085"}],"wp:attachment":[{"href":"https:\/\/promz.be\/fr\/wp-json\/wp\/v2\/media?parent=12087"}],"wp:term":[{"taxonomy":"category","embeddable":true,"href":"https:\/\/promz.be\/fr\/wp-json\/wp\/v2\/categories?post=12087"},{"taxonomy":"post_tag","embeddable":true,"href":"https:\/\/promz.be\/fr\/wp-json\/wp\/v2\/tags?post=12087"}],"curies":[{"name":"wp","href":"https:\/\/api.w.org\/{rel}","templated":true}]}}