{"id":12926,"date":"2018-09-07T13:49:23","date_gmt":"2018-09-07T11:49:23","guid":{"rendered":"https:\/\/promz.be\/?p=12926"},"modified":"2018-09-06T16:50:04","modified_gmt":"2018-09-06T14:50:04","slug":"la-bapp-retourne-a-lecole","status":"publish","type":"post","link":"https:\/\/promz.be\/fr\/la-bapp-retourne-a-lecole\/","title":{"rendered":"La BAPP retourne \u00e0 l\u2019\u00e9cole"},"content":{"rendered":"<p>Les \u00e9l\u00e8ves ont repris le chemin de l\u2019\u00e9cole cette semaine et c\u2019est \u00e9galement la \u00ab rentr\u00e9e des classes \u00bb pour la Belgian Association of Promotional Products. La BAPP a en effet lanc\u00e9 un projet en vue d\u2019organiser des conf\u00e9rences sur le th\u00e8me des product media \u00e0 l\u2019attention des \u00e9tudiants suivant des formations en marketing dans les \u00e9coles sup\u00e9rieures du pays.<\/p>\n<p>\u00ab Tout le monde ne conna\u00eet pas notre secteur \u00bb pr\u00e9cise la BAPP. Or, on ne peut appr\u00e9cier ce que l\u2019on ne conna\u00eet pas et il en va de m\u00eame pour les product media. La f\u00e9d\u00e9ration est d\u2019avis que des conf\u00e9rences constituent une solution envisageable et enverra par cons\u00e9quent un courrier \u00e0 toutes les \u00e9coles sup\u00e9rieures afin de leur faire part de la possibilit\u00e9 d\u2019organisation de conf\u00e9rences. Les \u00e9tudiants d\u2019aujourd\u2019hui sont en effet les clients et collaborateurs de demain. La BAPP souhaite par ailleurs offrir des places de stage et inciter les \u00e9tudiants \u00e0 r\u00e9diger une th\u00e8se portant sur les product media.<\/p>\n","protected":false},"excerpt":{"rendered":"<p>Les \u00e9l\u00e8ves ont repris le chemin de l\u2019\u00e9cole cette semaine et c\u2019est \u00e9galement la \u00ab rentr\u00e9e des classes \u00bb pour la Belgian Association of Promotional Products. La BAPP a en effet lanc\u00e9 un projet en vue d\u2019organiser des conf\u00e9rences sur le th\u00e8me des product media \u00e0 l\u2019attention des \u00e9tudiants suivant des formations en marketing dans les \u00e9coles sup\u00e9rieures du pays. \u00ab Tout le monde ne conna\u00eet pas notre secteur \u00bb pr\u00e9cise la BAPP. Or, on [&#8230;]<\/p>\n<p><a class=\"btn btn-secondary understrap-read-more-link\" href=\"https:\/\/promz.be\/fr\/la-bapp-retourne-a-lecole\/\">Lire la suite&#8230;<\/a><\/p>\n","protected":false},"author":9,"featured_media":12923,"comment_status":"open","ping_status":"open","sticky":false,"template":"","format":"standard","meta":[],"categories":[71],"tags":[],"_links":{"self":[{"href":"https:\/\/promz.be\/fr\/wp-json\/wp\/v2\/posts\/12926"}],"collection":[{"href":"https:\/\/promz.be\/fr\/wp-json\/wp\/v2\/posts"}],"about":[{"href":"https:\/\/promz.be\/fr\/wp-json\/wp\/v2\/types\/post"}],"author":[{"embeddable":true,"href":"https:\/\/promz.be\/fr\/wp-json\/wp\/v2\/users\/9"}],"replies":[{"embeddable":true,"href":"https:\/\/promz.be\/fr\/wp-json\/wp\/v2\/comments?post=12926"}],"version-history":[{"count":1,"href":"https:\/\/promz.be\/fr\/wp-json\/wp\/v2\/posts\/12926\/revisions"}],"predecessor-version":[{"id":12927,"href":"https:\/\/promz.be\/fr\/wp-json\/wp\/v2\/posts\/12926\/revisions\/12927"}],"wp:featuredmedia":[{"embeddable":true,"href":"https:\/\/promz.be\/fr\/wp-json\/wp\/v2\/media\/12923"}],"wp:attachment":[{"href":"https:\/\/promz.be\/fr\/wp-json\/wp\/v2\/media?parent=12926"}],"wp:term":[{"taxonomy":"category","embeddable":true,"href":"https:\/\/promz.be\/fr\/wp-json\/wp\/v2\/categories?post=12926"},{"taxonomy":"post_tag","embeddable":true,"href":"https:\/\/promz.be\/fr\/wp-json\/wp\/v2\/tags?post=12926"}],"curies":[{"name":"wp","href":"https:\/\/api.w.org\/{rel}","templated":true}]}}