{"id":5403,"date":"2017-01-17T00:00:00","date_gmt":"2017-01-17T00:00:00","guid":{"rendered":"https:\/\/promz.be\/pronel-product-media-advisor-the-year-2016\/"},"modified":"2018-06-05T10:52:13","modified_gmt":"2018-06-05T10:52:13","slug":"pronel-product-media-advisor-the-year-2016","status":"publish","type":"post","link":"https:\/\/promz.be\/fr\/pronel-product-media-advisor-the-year-2016\/","title":{"rendered":"Pronel : Product Media Advisor of the Year 2016"},"content":{"rendered":"<h2>Pronel est le laur\u00e9at du Product Media Advisor of the Year Award 2016, une initiative du magazine professionnel Promo-Biss, r\u00e9alis\u00e9e en collaboration avec la Belgian Association of Promotional Products &#8211; BAPP. Il s\u2019agit de sa deuxi\u00e8me \u00e9dition.<\/h2>\n<p><!--more--><\/p>\n<p>La semaine derni\u00e8re, Pronel a re\u00e7u l&#8217;award d&#8217;or, \u00e0 l&#8217;occasion du salon international des product media (articles promotionnels et cadeaux d&#8217;affaires) PSI de D\u00fcsseldorf des mains d\u2019Axel Debruyne, pr\u00e9sident de la BAPP. Pronel est une entreprise familiale fortement ax\u00e9e sur le service cr\u00e9\u00e9e en 1986 par Jan et Nelly Van Praet. Depuis lors, la deuxi\u00e8me g\u00e9n\u00e9ration, en les personnes de Stijn Van Praet et Dries Van Praet, a fait son entr\u00e9e au sein de l\u2019entreprise, qui compte huit collaborateurs. Le jury professionnel du Product Media Advisor of the Year Award a surtout \u00e9t\u00e9 s\u00e9duit par la prestation de services, la connaissance des produits et l\u2019innovation de Pronel. Pronel a obtenu les faveurs du jury professionnel, mais aussi des fournisseurs et du public.<br \/>\nL\u2019award d\u2019argent a \u00e9t\u00e9 pour la deuxi\u00e8me ann\u00e9e cons\u00e9cutive remport\u00e9 par l\u2019entreprise anversoise Van Bavel Enjoy Giving. La famille Van Bavel est active dans le secteur depuis 1953 et \u00ab Van Bavel \u00bb est une valeur s\u00fbre dans le secteur des product media belge. Le CEO de l\u2019entreprise, Michel Van Bavel, est un fervent promoteur de la branche. L\u2019award de bronze a \u00e9t\u00e9 attribu\u00e9 \u00e0 Pasco Gifts, une PME d\u2019Alost innovant en misant sur l\u2019aspect multicanal. Pasco Gifts existe depuis 2003 et est dirig\u00e9e par Ronny De Smedt et Bart Boterberg.<\/p>\n<p>Pour la premi\u00e8re fois, un prix a \u00e9galement \u00e9t\u00e9 attribu\u00e9 au Product Media Specialist of the Year 2016. Quatri\u00e8me Dimension de Namur est en le laur\u00e9at. L\u2019entreprise, cr\u00e9\u00e9e en 1998, est sp\u00e9cialis\u00e9e dans l\u2019impression et la broderie sur textile. En jouant la carte de la num\u00e9risation du processus, l\u2019entreprise est \u00e9galement parvenue \u00e0 maintenir la production en Belgique.<br \/>\nMagnus Business Gifts, de Vilvorde, a obtenu le prix sp\u00e9cial du jury : une mention d\u2019honneur. Magnus Business Gifts est dirig\u00e9e par Ann Magnus qui a repris l\u2019entreprise familiale en 2012. Depuis lors, elle est parvenue \u00e0 lui imprimer son identit\u00e9 et \u00e0 en faire une entreprise active, cr\u00e9ative ax\u00e9e sur l\u2019entreprise socialement responsable.<\/p>\n<p>Avec ce prix, Promo-Biss et la BAPP souhaitent stimuler le professionnalisme du secteur et surtout r\u00e9compenser les conseillers qui se distinguent par leur approche professionnelle dans le choix des bons product media (articles promotionnels et cadeaux d&#8217;affaires). Les product media sont efficaces, et ce tant dans le domaine du marketing d&#8217;action \u00e0 court terme (petits cadeaux \u00e0 l&#8217;achat d&#8217;un produit ou service) que d&#8217;une approche \u00e0 long terme (notori\u00e9t\u00e9, image de l&#8217;entreprise). Diff\u00e9rentes \u00e9tudes l&#8217;ont prouv\u00e9 au cours de ces derni\u00e8res ann\u00e9es.<br \/>\nVoici la composition du jury professionnel : Tom Van Heffen (Texet), Serge Mertens (PF Concept), Michel Deboudt (The China Office), John Swaab (\u00e9ditions Het Portaal) et Ad van Poppel (r\u00e9dacteur en chef de Promo-Biss). Le jury avait nomin\u00e9 quinze entreprises pour le Product Media Advisor of the Year. Sur la base de cette liste, clients finaux et fournisseurs des conseillers en product media ont \u00e9galement vot\u00e9. Pour le Product Media Specialist of the Year, le jury avait nomin\u00e9 cinq entreprises issues de secteurs divers.<\/p>\n","protected":false},"excerpt":{"rendered":"<p>Pronel est le laur\u00e9at du Product Media Advisor of the Year Award 2016, une initiative du magazine professionnel Promo-Biss, r\u00e9alis\u00e9e en collaboration avec la Belgian Association of Promotional Products &#8211; BAPP. Il s\u2019agit de sa deuxi\u00e8me \u00e9dition. [&#8230;]<\/p>\n<p><a class=\"btn btn-secondary understrap-read-more-link\" href=\"https:\/\/promz.be\/fr\/pronel-product-media-advisor-the-year-2016\/\">Lire la suite&#8230;<\/a><\/p>\n","protected":false},"author":9,"featured_media":1049,"comment_status":"open","ping_status":"open","sticky":false,"template":"","format":"standard","meta":[],"categories":[71],"tags":[],"_links":{"self":[{"href":"https:\/\/promz.be\/fr\/wp-json\/wp\/v2\/posts\/5403"}],"collection":[{"href":"https:\/\/promz.be\/fr\/wp-json\/wp\/v2\/posts"}],"about":[{"href":"https:\/\/promz.be\/fr\/wp-json\/wp\/v2\/types\/post"}],"author":[{"embeddable":true,"href":"https:\/\/promz.be\/fr\/wp-json\/wp\/v2\/users\/9"}],"replies":[{"embeddable":true,"href":"https:\/\/promz.be\/fr\/wp-json\/wp\/v2\/comments?post=5403"}],"version-history":[{"count":1,"href":"https:\/\/promz.be\/fr\/wp-json\/wp\/v2\/posts\/5403\/revisions"}],"predecessor-version":[{"id":11178,"href":"https:\/\/promz.be\/fr\/wp-json\/wp\/v2\/posts\/5403\/revisions\/11178"}],"wp:featuredmedia":[{"embeddable":true,"href":"https:\/\/promz.be\/fr\/wp-json\/wp\/v2\/media\/1049"}],"wp:attachment":[{"href":"https:\/\/promz.be\/fr\/wp-json\/wp\/v2\/media?parent=5403"}],"wp:term":[{"taxonomy":"category","embeddable":true,"href":"https:\/\/promz.be\/fr\/wp-json\/wp\/v2\/categories?post=5403"},{"taxonomy":"post_tag","embeddable":true,"href":"https:\/\/promz.be\/fr\/wp-json\/wp\/v2\/tags?post=5403"}],"curies":[{"name":"wp","href":"https:\/\/api.w.org\/{rel}","templated":true}]}}