{"id":5503,"date":"2017-06-21T00:00:00","date_gmt":"2017-06-21T00:00:00","guid":{"rendered":"https:\/\/promz.be\/harbom-nouveau-president-leppa\/"},"modified":"2018-06-05T10:51:49","modified_gmt":"2018-06-05T10:51:49","slug":"harbom-nouveau-president-leppa","status":"publish","type":"post","link":"https:\/\/promz.be\/fr\/harbom-nouveau-president-leppa\/","title":{"rendered":"Harbom : nouveau pr\u00e9sident de l\u2019EPPA"},"content":{"rendered":"<p><strong>Le 14 juin dernier, le Su\u00e9dois Kjell Harbom a \u00e9t\u00e9 \u00e9lu nouveau pr\u00e9sident de l\u2019EPPA (European Promotional Products Association). Il succ\u00e8de \u00e0 l\u2019Espagnol Gabriel Moese Ruiz.<\/strong><!--more--><\/p>\n<p>Kjell Harbom pr\u00e9side l\u2019association sectorielle su\u00e9doise SBPR (Svensk Branschf\u00f6rening Profil- och Reklamartiklar). Il a expliqu\u00e9 au magazine professionnel allemand Werbeartikel Nachrichten qu\u2019il \u00e9tait particuli\u00e8rement honor\u00e9 d\u2019\u00eatre devenu pr\u00e9sident de l\u2019EPPA. \u00ab Je ferai de mon mieux et offrirai en tout temps une oreille attentive \u00e0 ceux qui d\u00e9sirent parler des int\u00e9r\u00eats de notre secteur. \u00bb La BAPP (Belgian Association of Promotional Products) repr\u00e9sente notre pays dans l\u2019EPPA.<\/p>\n","protected":false},"excerpt":{"rendered":"<p>Le 14 juin dernier, le Su\u00e9dois Kjell Harbom a \u00e9t\u00e9 \u00e9lu nouveau pr\u00e9sident de l\u2019EPPA (European Promotional Products Association). Il succ\u00e8de \u00e0 l\u2019Espagnol Gabriel Moese Ruiz. [&#8230;]<\/p>\n<p><a class=\"btn btn-secondary understrap-read-more-link\" href=\"https:\/\/promz.be\/fr\/harbom-nouveau-president-leppa\/\">Lire la suite&#8230;<\/a><\/p>\n","protected":false},"author":9,"featured_media":1520,"comment_status":"open","ping_status":"open","sticky":false,"template":"","format":"standard","meta":[],"categories":[71],"tags":[],"_links":{"self":[{"href":"https:\/\/promz.be\/fr\/wp-json\/wp\/v2\/posts\/5503"}],"collection":[{"href":"https:\/\/promz.be\/fr\/wp-json\/wp\/v2\/posts"}],"about":[{"href":"https:\/\/promz.be\/fr\/wp-json\/wp\/v2\/types\/post"}],"author":[{"embeddable":true,"href":"https:\/\/promz.be\/fr\/wp-json\/wp\/v2\/users\/9"}],"replies":[{"embeddable":true,"href":"https:\/\/promz.be\/fr\/wp-json\/wp\/v2\/comments?post=5503"}],"version-history":[{"count":1,"href":"https:\/\/promz.be\/fr\/wp-json\/wp\/v2\/posts\/5503\/revisions"}],"predecessor-version":[{"id":11078,"href":"https:\/\/promz.be\/fr\/wp-json\/wp\/v2\/posts\/5503\/revisions\/11078"}],"wp:featuredmedia":[{"embeddable":true,"href":"https:\/\/promz.be\/fr\/wp-json\/wp\/v2\/media\/1520"}],"wp:attachment":[{"href":"https:\/\/promz.be\/fr\/wp-json\/wp\/v2\/media?parent=5503"}],"wp:term":[{"taxonomy":"category","embeddable":true,"href":"https:\/\/promz.be\/fr\/wp-json\/wp\/v2\/categories?post=5503"},{"taxonomy":"post_tag","embeddable":true,"href":"https:\/\/promz.be\/fr\/wp-json\/wp\/v2\/tags?post=5503"}],"curies":[{"name":"wp","href":"https:\/\/api.w.org\/{rel}","templated":true}]}}