{"id":5548,"date":"2017-08-25T00:00:00","date_gmt":"2017-08-25T00:00:00","guid":{"rendered":"https:\/\/promz.be\/le-prix-du-papier-augmente-les-sacs-deviennent-plus-chers\/"},"modified":"2018-06-05T10:51:01","modified_gmt":"2018-06-05T10:51:01","slug":"le-prix-du-papier-augmente-les-sacs-deviennent-plus-chers","status":"publish","type":"post","link":"https:\/\/promz.be\/fr\/le-prix-du-papier-augmente-les-sacs-deviennent-plus-chers\/","title":{"rendered":"Le prix du papier augmente : les sacs deviennent plus chers"},"content":{"rendered":"<p><strong>Les sacs en plastique \u00e0 usage unique, distribu\u00e9s gratuitement dans les magasins, sont sur la sellette. En Wallonie, une interdiction est d\u2019application depuis d\u00e9j\u00e0 2016, \u00e0 Bruxelles elle sera d\u2019application \u00e0 partir de septembre et la Flandre suivra en 2018. En 2015, le Parlement europ\u00e9en avait d\u00e9j\u00e0 d\u00e9cr\u00e9t\u00e9 une loi obligeant \u00e0 diminuer l\u2019utilisation des sacs en plastique de 80%. Cette l\u00e9gislation a provoqu\u00e9 certaines cons\u00e9quences suite \u00e0 la demande croissante de solutions alternatives, lisez des sacs en papier, dont le prix de la mati\u00e8re premi\u00e8re a fortement augment\u00e9. Mondial Gifts l\u2019a signal\u00e9 derni\u00e8rement dans sa lettre d\u2019information, \u00e9tant donn\u00e9 que le secteur des product media en subit \u00e9galement les retomb\u00e9es.<\/strong><!--more--><\/p>\n<p>\u00ab Depuis l\u2019introduction de cette loi en 2016, plus de 80% des clients nous achetant des sacs en plastique ont opt\u00e9 pour les sacs en papier \u00bb selon Mondial Gifts. \u00ab Suite \u00e0 la demande croissante de sacs en papier et la p\u00e9nurie sur le march\u00e9 du vieux papier, les prix du papier en Europe se sont envol\u00e9s. En plus de la hausse des prix en Europe, le prix du papier a aussi augment\u00e9 dans les pays asiatiques. La principale raison de la hausse des prix en Asie est le renforcement des normes environnementales en Chine, ce qui entra\u00eene une hausse des co\u00fbts de production pour les usines. \u00bb<\/p>\n","protected":false},"excerpt":{"rendered":"<p>Les sacs en plastique \u00e0 usage unique, distribu\u00e9s gratuitement dans les magasins, sont sur la sellette. En Wallonie, une interdiction est d\u2019application depuis d\u00e9j\u00e0 2016, \u00e0 Bruxelles elle sera d\u2019application \u00e0 partir de septembre et la Flandre suivra en 2018. En 2015, le Parlement europ\u00e9en avait d\u00e9j\u00e0 d\u00e9cr\u00e9t\u00e9 une loi obligeant \u00e0 diminuer l\u2019utilisation des sacs en plastique de 80%. Cette l\u00e9gislation a provoqu\u00e9 certaines cons\u00e9quences suite \u00e0 la demande croissante de solutions alternatives, lisez [&#8230;]<\/p>\n<p><a class=\"btn btn-secondary understrap-read-more-link\" href=\"https:\/\/promz.be\/fr\/le-prix-du-papier-augmente-les-sacs-deviennent-plus-chers\/\">Lire la suite&#8230;<\/a><\/p>\n","protected":false},"author":9,"featured_media":1707,"comment_status":"open","ping_status":"open","sticky":false,"template":"","format":"standard","meta":[],"categories":[71],"tags":[],"_links":{"self":[{"href":"https:\/\/promz.be\/fr\/wp-json\/wp\/v2\/posts\/5548"}],"collection":[{"href":"https:\/\/promz.be\/fr\/wp-json\/wp\/v2\/posts"}],"about":[{"href":"https:\/\/promz.be\/fr\/wp-json\/wp\/v2\/types\/post"}],"author":[{"embeddable":true,"href":"https:\/\/promz.be\/fr\/wp-json\/wp\/v2\/users\/9"}],"replies":[{"embeddable":true,"href":"https:\/\/promz.be\/fr\/wp-json\/wp\/v2\/comments?post=5548"}],"version-history":[{"count":1,"href":"https:\/\/promz.be\/fr\/wp-json\/wp\/v2\/posts\/5548\/revisions"}],"predecessor-version":[{"id":11033,"href":"https:\/\/promz.be\/fr\/wp-json\/wp\/v2\/posts\/5548\/revisions\/11033"}],"wp:featuredmedia":[{"embeddable":true,"href":"https:\/\/promz.be\/fr\/wp-json\/wp\/v2\/media\/1707"}],"wp:attachment":[{"href":"https:\/\/promz.be\/fr\/wp-json\/wp\/v2\/media?parent=5548"}],"wp:term":[{"taxonomy":"category","embeddable":true,"href":"https:\/\/promz.be\/fr\/wp-json\/wp\/v2\/categories?post=5548"},{"taxonomy":"post_tag","embeddable":true,"href":"https:\/\/promz.be\/fr\/wp-json\/wp\/v2\/tags?post=5548"}],"curies":[{"name":"wp","href":"https:\/\/api.w.org\/{rel}","templated":true}]}}