{"id":5740,"date":"2018-05-17T00:00:00","date_gmt":"2018-05-17T00:00:00","guid":{"rendered":"https:\/\/promz.be\/le-belgian-friday-apres-le-black-friday\/"},"modified":"2018-06-05T10:50:10","modified_gmt":"2018-06-05T10:50:10","slug":"le-belgian-friday-apres-le-black-friday","status":"publish","type":"post","link":"https:\/\/promz.be\/fr\/le-belgian-friday-apres-le-black-friday\/","title":{"rendered":"Le Belgian Friday apr\u00e8s le Black Friday"},"content":{"rendered":"<p>Apr\u00e8s le Black Friday et les French Days, les marques du groupe La Redoute dans notre pays (La Redoute, Kiabi et Tape \u00e0 l\u2019\u0152il) lancent le \u00ab\u00a0Belgian Friday\u00a0\u00bb. Tout au long du week-end de la Pentec\u00f4te, du 18 au 21 mai, le groupe proposera des r\u00e9ductions dans la boutique en ligne.<\/p>\n<p>Venu en droite ligne d\u2019Am\u00e9rique, le Black Friday est le grand \u00e9v\u00e9nement commercial de l\u2019automne pour les achats en ligne. En avril de l\u2019ann\u00e9e pass\u00e9e, la France l\u2019a r\u00e9interpr\u00e9t\u00e9 \u00e0 sa fa\u00e7on en organisant les French Days\u00a0: une action en ligne avant le coup d\u2019envoi des soldes de juillet. Le groupe La Redoute dans notre pays embo\u00eete le pas \u00e0 cet \u00e9v\u00e9nement en lan\u00e7ant le Belgian Friday. \u00ab\u00a0L\u2019initiative s\u2019inscrit dans le cadre des nouvelles habitudes de consommation des familles\u00a0\u00bb, explique le groupe dans un communiqu\u00e9 de presse. \u00ab\u00a0Un public qui n\u2019est pas n\u00e9cessairement habitu\u00e9 \u00e0 faire ses achats en ligne peut ainsi profiter de r\u00e9ductions consid\u00e9rables sur divers produits de saison (v\u00eatements, accessoires, articles de d\u00e9coration,\u2026),\u00a0mais \u00e9galement se familiariser avec l\u2019e-shopping. Au fur et \u00e0 mesure que la tendance de consommation multichannel devient la norme, ce type d\u2019initiatives a \u00e9galement pour but de toucher les acheteurs qui ne consid\u00e8rent plus les soldes comme \u00e9tant la seule p\u00e9riode de l\u2019ann\u00e9e durant laquelle il est possible de b\u00e9n\u00e9ficier de remises et bonnes affaires.\u00a0\u00bb<\/p>\n","protected":false},"excerpt":{"rendered":"<p>Apr\u00e8s le Black Friday et les French Days, les marques du groupe La Redoute dans notre pays (La Redoute, Kiabi et Tape \u00e0 l\u2019\u0152il) lancent le \u00ab\u00a0Belgian Friday\u00a0\u00bb. Tout au long du week-end de la Pentec\u00f4te, du 18 au 21 mai, le groupe proposera des r\u00e9ductions dans la boutique en ligne. Venu en droite ligne d\u2019Am\u00e9rique, le Black Friday est le grand \u00e9v\u00e9nement commercial de l\u2019automne pour les achats en ligne. En avril de l\u2019ann\u00e9e [&#8230;]<\/p>\n<p><a class=\"btn btn-secondary understrap-read-more-link\" href=\"https:\/\/promz.be\/fr\/le-belgian-friday-apres-le-black-friday\/\">Lire la suite&#8230;<\/a><\/p>\n","protected":false},"author":9,"featured_media":3637,"comment_status":"open","ping_status":"open","sticky":false,"template":"","format":"standard","meta":[],"categories":[71],"tags":[],"_links":{"self":[{"href":"https:\/\/promz.be\/fr\/wp-json\/wp\/v2\/posts\/5740"}],"collection":[{"href":"https:\/\/promz.be\/fr\/wp-json\/wp\/v2\/posts"}],"about":[{"href":"https:\/\/promz.be\/fr\/wp-json\/wp\/v2\/types\/post"}],"author":[{"embeddable":true,"href":"https:\/\/promz.be\/fr\/wp-json\/wp\/v2\/users\/9"}],"replies":[{"embeddable":true,"href":"https:\/\/promz.be\/fr\/wp-json\/wp\/v2\/comments?post=5740"}],"version-history":[{"count":1,"href":"https:\/\/promz.be\/fr\/wp-json\/wp\/v2\/posts\/5740\/revisions"}],"predecessor-version":[{"id":10842,"href":"https:\/\/promz.be\/fr\/wp-json\/wp\/v2\/posts\/5740\/revisions\/10842"}],"wp:featuredmedia":[{"embeddable":true,"href":"https:\/\/promz.be\/fr\/wp-json\/wp\/v2\/media\/3637"}],"wp:attachment":[{"href":"https:\/\/promz.be\/fr\/wp-json\/wp\/v2\/media?parent=5740"}],"wp:term":[{"taxonomy":"category","embeddable":true,"href":"https:\/\/promz.be\/fr\/wp-json\/wp\/v2\/categories?post=5740"},{"taxonomy":"post_tag","embeddable":true,"href":"https:\/\/promz.be\/fr\/wp-json\/wp\/v2\/tags?post=5740"}],"curies":[{"name":"wp","href":"https:\/\/api.w.org\/{rel}","templated":true}]}}