{"id":5114,"date":"2017-08-25T00:00:00","date_gmt":"2017-08-25T00:00:00","guid":{"rendered":"https:\/\/promz.be\/papierprijzen-stijgen-zakken-duurder\/"},"modified":"2018-06-05T10:14:53","modified_gmt":"2018-06-05T10:14:53","slug":"papierprijzen-stijgen-zakken-duurder","status":"publish","type":"post","link":"https:\/\/promz.be\/nl\/papierprijzen-stijgen-zakken-duurder\/","title":{"rendered":"Papierprijzen stijgen: zakken duurder"},"content":{"rendered":"<p><strong>Gratis plastic draagtassen voor \u00e9\u00e9nmalig gebruik van winkels staan onder druk. In Walloni\u00eb is er een verbod sinds 2016, in Brussel gaat in september aanstaande zo\u2019n verbod in en Vlaanderen volgt in 2018. Het Europees Parlement keurde in 2015 al een wet goed die het gebruik van plastic tassen met 80% moest verminderen. Dat wetgevend werk heeft ook gevolgen: door de grotere naar alternatieve, lees papieren zakken is de prijs van die grondstof sterk gestegen. Mondial Gifts stipte dat recent aan in zijn newsletter, want ook de sector van product media heeft daarmee te maken.<\/strong><!--more--><\/p>\n<p>\u201cSinds de invoering van de plastic regelgeving in 2016, is maar liefst 80% van onze plastic tassen klanten overgestapt op bedrukte papieren draagtassen,\u201d aldus Mondial Gifts. \u201cDoor de grote vraag naar papieren tassen en de schaarste in de markt van oud papier zijn de prijzen van het papier in Europa gestegen. Naast de prijsstijging binnen Europa gaan ook de papierprijzen in het Verre Oosten omhoog. Een belangrijke reden van de prijsstijging in het Verre Oosten is dat de milieunormen in China zijn aangescherpt wat een hogere kostprijs met zich meebrengt voor de fabrieken.\u201d<\/p>\n","protected":false},"excerpt":{"rendered":"<p>Gratis plastic draagtassen voor \u00e9\u00e9nmalig gebruik van winkels staan onder druk. In Walloni\u00eb is er een verbod sinds 2016, in Brussel gaat in september aanstaande zo\u2019n verbod in en Vlaanderen volgt in 2018. Het Europees Parlement keurde in 2015 al een wet goed die het gebruik van plastic tassen met 80% moest verminderen. Dat wetgevend werk heeft ook gevolgen: door de grotere naar alternatieve, lees papieren zakken is de prijs van die grondstof sterk gestegen. [&#8230;]<\/p>\n<p><a class=\"btn btn-secondary understrap-read-more-link\" href=\"https:\/\/promz.be\/nl\/papierprijzen-stijgen-zakken-duurder\/\">Lees verder&#8230;<\/a><\/p>\n","protected":false},"author":9,"featured_media":1707,"comment_status":"open","ping_status":"open","sticky":false,"template":"","format":"standard","meta":[],"categories":[42],"tags":[],"_links":{"self":[{"href":"https:\/\/promz.be\/nl\/wp-json\/wp\/v2\/posts\/5114"}],"collection":[{"href":"https:\/\/promz.be\/nl\/wp-json\/wp\/v2\/posts"}],"about":[{"href":"https:\/\/promz.be\/nl\/wp-json\/wp\/v2\/types\/post"}],"author":[{"embeddable":true,"href":"https:\/\/promz.be\/nl\/wp-json\/wp\/v2\/users\/9"}],"replies":[{"embeddable":true,"href":"https:\/\/promz.be\/nl\/wp-json\/wp\/v2\/comments?post=5114"}],"version-history":[{"count":1,"href":"https:\/\/promz.be\/nl\/wp-json\/wp\/v2\/posts\/5114\/revisions"}],"predecessor-version":[{"id":10373,"href":"https:\/\/promz.be\/nl\/wp-json\/wp\/v2\/posts\/5114\/revisions\/10373"}],"wp:featuredmedia":[{"embeddable":true,"href":"https:\/\/promz.be\/nl\/wp-json\/wp\/v2\/media\/1707"}],"wp:attachment":[{"href":"https:\/\/promz.be\/nl\/wp-json\/wp\/v2\/media?parent=5114"}],"wp:term":[{"taxonomy":"category","embeddable":true,"href":"https:\/\/promz.be\/nl\/wp-json\/wp\/v2\/categories?post=5114"},{"taxonomy":"post_tag","embeddable":true,"href":"https:\/\/promz.be\/nl\/wp-json\/wp\/v2\/tags?post=5114"}],"curies":[{"name":"wp","href":"https:\/\/api.w.org\/{rel}","templated":true}]}}